{"id":238,"date":"2015-11-09T16:04:06","date_gmt":"2015-11-09T19:04:06","guid":{"rendered":"http:\/\/www.praticagemmaceio.com.br\/wordpress\/?p=238"},"modified":"2015-11-09T16:13:25","modified_gmt":"2015-11-09T19:13:25","slug":"porto-de-maceio-cheio","status":"publish","type":"post","link":"http:\/\/www.praticagemmaceio.com.br\/?p=238","title":{"rendered":"Porto de Macei\u00f3 cheio"},"content":{"rendered":"<p>Algo que n\u00e3o se v\u00ea com bastante frequ\u00eancia, o nosso porto com quase todos os ber\u00e7os ocupados, com exce\u00e7\u00e3o do ber\u00e7o 007 que era o alvo deste navio da foto, e o ber\u00e7o 001, que foi ocupado nesta mesma tarde!<\/p>\n<p><a href=\"http:\/\/www.praticagemmaceio.com.br\/wordpress\/wp-content\/uploads\/2015\/11\/image1.jpg\"><img decoding=\"async\" loading=\"lazy\" class=\"alignnone size-medium wp-image-237\" src=\"http:\/\/www.praticagemmaceio.com.br\/wordpress\/wp-content\/uploads\/2015\/11\/image1-300x163.jpg\" alt=\"image1\" width=\"300\" height=\"163\" srcset=\"http:\/\/www.praticagemmaceio.com.br\/wp-content\/uploads\/2015\/11\/image1-300x163.jpg 300w, http:\/\/www.praticagemmaceio.com.br\/wp-content\/uploads\/2015\/11\/image1-1024x556.jpg 1024w\" sizes=\"(max-width: 300px) 100vw, 300px\" \/><\/a><\/p>\n","protected":false},"excerpt":{"rendered":"<p>Algo que n\u00e3o se v\u00ea com bastante frequ\u00eancia, o nosso porto com quase todos os ber\u00e7os ocupados, com exce\u00e7\u00e3o do ber\u00e7o 007 que era o alvo deste navio da foto, e o ber\u00e7o 001, que foi ocupado nesta mesma tarde!<\/p>\n","protected":false},"author":4,"featured_media":237,"comment_status":"closed","ping_status":"closed","sticky":false,"template":"","format":"standard","meta":[],"categories":[4],"tags":[],"_links":{"self":[{"href":"http:\/\/www.praticagemmaceio.com.br\/index.php?rest_route=\/wp\/v2\/posts\/238"}],"collection":[{"href":"http:\/\/www.praticagemmaceio.com.br\/index.php?rest_route=\/wp\/v2\/posts"}],"about":[{"href":"http:\/\/www.praticagemmaceio.com.br\/index.php?rest_route=\/wp\/v2\/types\/post"}],"author":[{"embeddable":true,"href":"http:\/\/www.praticagemmaceio.com.br\/index.php?rest_route=\/wp\/v2\/users\/4"}],"replies":[{"embeddable":true,"href":"http:\/\/www.praticagemmaceio.com.br\/index.php?rest_route=%2Fwp%2Fv2%2Fcomments&post=238"}],"version-history":[{"count":3,"href":"http:\/\/www.praticagemmaceio.com.br\/index.php?rest_route=\/wp\/v2\/posts\/238\/revisions"}],"predecessor-version":[{"id":241,"href":"http:\/\/www.praticagemmaceio.com.br\/index.php?rest_route=\/wp\/v2\/posts\/238\/revisions\/241"}],"wp:featuredmedia":[{"embeddable":true,"href":"http:\/\/www.praticagemmaceio.com.br\/index.php?rest_route=\/wp\/v2\/media\/237"}],"wp:attachment":[{"href":"http:\/\/www.praticagemmaceio.com.br\/index.php?rest_route=%2Fwp%2Fv2%2Fmedia&parent=238"}],"wp:term":[{"taxonomy":"category","embeddable":true,"href":"http:\/\/www.praticagemmaceio.com.br\/index.php?rest_route=%2Fwp%2Fv2%2Fcategories&post=238"},{"taxonomy":"post_tag","embeddable":true,"href":"http:\/\/www.praticagemmaceio.com.br\/index.php?rest_route=%2Fwp%2Fv2%2Ftags&post=238"}],"curies":[{"name":"wp","href":"https:\/\/api.w.org\/{rel}","templated":true}]}}