{"id":242,"date":"2015-11-30T17:48:18","date_gmt":"2015-11-30T20:48:18","guid":{"rendered":"http:\/\/www.praticagemmaceio.com.br\/wordpress\/?p=242"},"modified":"2015-11-30T17:53:58","modified_gmt":"2015-11-30T20:53:58","slug":"praticos-recebem-certificado-de-mecenato","status":"publish","type":"post","link":"http:\/\/www.praticagemmaceio.com.br\/?p=242","title":{"rendered":"Pr\u00e1ticos recebem Certificado de Mecenato"},"content":{"rendered":"<p>Recebemos com orgulho\u00a0o certificado de mecenato, e reiteramos que \u00e9 um imenso prazer para esta empresa fomentar a arte e a cultura no nosso bel\u00edssimo estado!<\/p>\n<p>&#8220;Reconhecemos que a\u00a0<strong>Praticagem de Macei\u00f3\u00a0<\/strong>\u00e9 mecenas da II Mostra Cultural &#8220;O Brasil na Ant\u00e1rtica e Amaz\u00f4nia Azul&#8221;, realizada nas instala\u00e7\u00f5es do Macei\u00f3 Shopping, no per\u00edodo de 18 a 30 de setembro.&#8221;<\/p>\n<p>&nbsp;<\/p>\n<p><a href=\"http:\/\/www.praticagemmaceio.com.br\/wordpress\/wp-content\/uploads\/2015\/11\/IMG_2857.jpg\"><img decoding=\"async\" loading=\"lazy\" class=\"aligncenter size-medium wp-image-243\" src=\"http:\/\/www.praticagemmaceio.com.br\/wordpress\/wp-content\/uploads\/2015\/11\/IMG_2857-300x200.jpg\" alt=\"Certificado Mecenato\" width=\"300\" height=\"200\" srcset=\"http:\/\/www.praticagemmaceio.com.br\/wp-content\/uploads\/2015\/11\/IMG_2857-300x200.jpg 300w, http:\/\/www.praticagemmaceio.com.br\/wp-content\/uploads\/2015\/11\/IMG_2857-1024x683.jpg 1024w, http:\/\/www.praticagemmaceio.com.br\/wp-content\/uploads\/2015\/11\/IMG_2857-140x94.jpg 140w\" sizes=\"(max-width: 300px) 100vw, 300px\" \/><\/a><\/p>\n","protected":false},"excerpt":{"rendered":"<p>Recebemos com orgulho\u00a0o certificado de mecenato, e reiteramos que \u00e9 um imenso prazer para esta empresa fomentar a arte e a cultura no nosso bel\u00edssimo estado! &#8220;Reconhecemos que a\u00a0Praticagem de Macei\u00f3\u00a0\u00e9 mecenas da II Mostra Cultural &#8220;O Brasil na Ant\u00e1rtica e Amaz\u00f4nia Azul&#8221;, realizada nas instala\u00e7\u00f5es do Macei\u00f3 Shopping, no per\u00edodo de 18 a 30 [&hellip;]<\/p>\n","protected":false},"author":4,"featured_media":243,"comment_status":"closed","ping_status":"closed","sticky":false,"template":"","format":"standard","meta":[],"categories":[4],"tags":[],"_links":{"self":[{"href":"http:\/\/www.praticagemmaceio.com.br\/index.php?rest_route=\/wp\/v2\/posts\/242"}],"collection":[{"href":"http:\/\/www.praticagemmaceio.com.br\/index.php?rest_route=\/wp\/v2\/posts"}],"about":[{"href":"http:\/\/www.praticagemmaceio.com.br\/index.php?rest_route=\/wp\/v2\/types\/post"}],"author":[{"embeddable":true,"href":"http:\/\/www.praticagemmaceio.com.br\/index.php?rest_route=\/wp\/v2\/users\/4"}],"replies":[{"embeddable":true,"href":"http:\/\/www.praticagemmaceio.com.br\/index.php?rest_route=%2Fwp%2Fv2%2Fcomments&post=242"}],"version-history":[{"count":3,"href":"http:\/\/www.praticagemmaceio.com.br\/index.php?rest_route=\/wp\/v2\/posts\/242\/revisions"}],"predecessor-version":[{"id":247,"href":"http:\/\/www.praticagemmaceio.com.br\/index.php?rest_route=\/wp\/v2\/posts\/242\/revisions\/247"}],"wp:featuredmedia":[{"embeddable":true,"href":"http:\/\/www.praticagemmaceio.com.br\/index.php?rest_route=\/wp\/v2\/media\/243"}],"wp:attachment":[{"href":"http:\/\/www.praticagemmaceio.com.br\/index.php?rest_route=%2Fwp%2Fv2%2Fmedia&parent=242"}],"wp:term":[{"taxonomy":"category","embeddable":true,"href":"http:\/\/www.praticagemmaceio.com.br\/index.php?rest_route=%2Fwp%2Fv2%2Fcategories&post=242"},{"taxonomy":"post_tag","embeddable":true,"href":"http:\/\/www.praticagemmaceio.com.br\/index.php?rest_route=%2Fwp%2Fv2%2Ftags&post=242"}],"curies":[{"name":"wp","href":"https:\/\/api.w.org\/{rel}","templated":true}]}}