{"id":414,"date":"2018-04-23T14:35:41","date_gmt":"2018-04-23T17:35:41","guid":{"rendered":"http:\/\/www.praticagemmaceio.com.br\/?p=414"},"modified":"2018-04-23T14:35:41","modified_gmt":"2018-04-23T17:35:41","slug":"praticagem-enaltece-lima-filho-e-a-chegada-do-almirante-roberto-na-dpc","status":"publish","type":"post","link":"http:\/\/www.praticagemmaceio.com.br\/?p=414","title":{"rendered":"Praticagem enaltece Lima Filho e a chegada do Almirante Roberto na DPC"},"content":{"rendered":"<div class=\"flex_column av_one_half  flex_column_div av-zero-column-padding first  avia-builder-el-4  el_after_av_hr  el_before_av_one_half  \">\n<section class=\"av_textblock_section \">\n<div class=\"avia_textblock  av_inherit_color \">\n<p>Por: Conapra<\/p>\n<blockquote class=\"wp-embedded-content\" data-secret=\"HgtCoyCosk\"><p><a href=\"https:\/\/www.praticagemdobrasil.org.br\/arquivos\/7858\">Praticagem enaltece Lima Filho e a chegada do Almirante Roberto na DPC<\/a><\/p><\/blockquote>\n<p><iframe class=\"wp-embedded-content\" sandbox=\"allow-scripts\" security=\"restricted\" style=\"position: absolute; clip: rect(1px, 1px, 1px, 1px);\" src=\"https:\/\/www.praticagemdobrasil.org.br\/arquivos\/7858\/embed#?secret=HgtCoyCosk\" data-secret=\"HgtCoyCosk\" width=\"600\" height=\"338\" title=\"&#8220;Praticagem enaltece Lima Filho e a chegada do Almirante Roberto na DPC&#8221; &#8212; Conapra\" frameborder=\"0\" marginwidth=\"0\" marginheight=\"0\" scrolling=\"no\"><\/iframe><\/p>\n<p>A Praticagem do Brasil prestigiou a cerim\u00f4nia de transmiss\u00e3o de cargo da Diretoria de Portos e Costas (DPC) da Marinha do Brasil, representante da Autoridade Mar\u00edtima respons\u00e1vel por todas as normas e atividades destinadas a garantir a seguran\u00e7a do tr\u00e1fego aquavi\u00e1rio, a salvaguarda da vida humana no mar e a preven\u00e7\u00e3o \u00e0 polui\u00e7\u00e3o h\u00eddrica, al\u00e9m da administra\u00e7\u00e3o do Sistema do Ensino Profissional Mar\u00edtimo (SEPM).<\/p>\n<p><a href=\"http:\/\/www.praticagemmaceio.com.br\/wp-content\/uploads\/2018\/04\/cer2-1030x773.jpeg\"><img decoding=\"async\" loading=\"lazy\" class=\"alignnone size-full wp-image-415\" src=\"http:\/\/www.praticagemmaceio.com.br\/wp-content\/uploads\/2018\/04\/cer2-1030x773.jpeg\" alt=\"\" width=\"1030\" height=\"773\" srcset=\"http:\/\/www.praticagemmaceio.com.br\/wp-content\/uploads\/2018\/04\/cer2-1030x773.jpeg 1030w, http:\/\/www.praticagemmaceio.com.br\/wp-content\/uploads\/2018\/04\/cer2-1030x773-300x225.jpeg 300w, http:\/\/www.praticagemmaceio.com.br\/wp-content\/uploads\/2018\/04\/cer2-1030x773-768x576.jpeg 768w, http:\/\/www.praticagemmaceio.com.br\/wp-content\/uploads\/2018\/04\/cer2-1030x773-1024x768.jpeg 1024w\" sizes=\"(max-width: 1030px) 100vw, 1030px\" \/><\/a><\/p>\n<p>O Almirante Roberto, que ocupava o cargo de Chefe do Estado-Maior do Comando de Opera\u00e7\u00f5es Navais (ComOpNav), assumiu o posto exercido pelo ent\u00e3o Diretor de Portos e Costas, Almirante Lima Filho, que presidir\u00e1 o Tribunal Mar\u00edtimo a partir de 27 de julho. A cerim\u00f4nia, conduzida pelo Diretor Geral de Navega\u00e7\u00e3o (DGN), Almirante K\u00fcster, aconteceu nesta ter\u00e7a-feira (17\/04), no Centro de Instru\u00e7\u00e3o Almirante Gra\u00e7a Aranha (Ciaga). Teve a presen\u00e7a do Comandante da Marinha, Almirante Leal Ferreira, al\u00e9m de diversas autoridades.<\/p>\n<p>\u2013 Trabalhar para assegurar o cumprimento da Lei de Seguran\u00e7a do Tr\u00e1fego Aquavi\u00e1rio e, consequentemente, a preven\u00e7\u00e3o da polui\u00e7\u00e3o h\u00eddrica e a salvaguarda da vida humana no mar \u00e9 miss\u00e3o da DPC. Nesse sentido, a interlocu\u00e7\u00e3o com a Praticagem \u00e9 fundamental e tem sido excelente. O Almirante Lima Filho, que no ano passado nos deu a honra de sua visita, deixa o posto com excelente n\u00edvel de seguran\u00e7a na navega\u00e7\u00e3o. N\u00e3o \u00e0 toa, recebeu v\u00e1rias homenagens. Ao mesmo tempo, ficamos felizes com a escolha do Almirante Roberto \u2013 disse o diretor-presidente do Conselho Nacional de Praticagem (Conapra), pr\u00e1tico Gustavo Martins.<\/p>\n<p>Natural do Amazonas, o Almirante Roberto iniciou a carreira como Oficial da Marinha em 1983. Antes de ser o Chefe do Estado-Maior do ComOpNav, foi Diretor de Gest\u00e3o de Programas Estrat\u00e9gicos (DGePEM) e Diretor do Pessoal Civil da Marinha (DPCvM). Na nova diretoria, ter\u00e1 ainda o desafio do apoio t\u00e9cnico \u00e0s 27 Capitanias, 15 Delegacias e 21 Ag\u00eancias espalhadas pelo pa\u00eds.<\/p>\n<p>Lima Filho, que assumiu a DPC em 2015, passar\u00e1 a presidir o Tribunal Mar\u00edtimo em julho. Foram 41 anos de servi\u00e7os prestados \u00e0 Marinha do Brasil, tendo sido ainda Capit\u00e3o dos Portos de Alagoas e do Rio de Janeiro, Comandante das For\u00e7as Mar\u00edtimas na Opera\u00e7\u00e3o Panamax 2012 (exerc\u00edcio militar de mais de 15 pa\u00edses voltado \u00e0 seguran\u00e7a do tr\u00e1fego no Canal do Panam\u00e1) e do 8\u00ba Distrito Naval.<\/p>\n<p>\u2013\u00a0Durante os dois anos e oito meses em que estive no tim\u00e3o desta relevante Diretoria T\u00e9cnica, procurei empregar meus conhecimentos e minhas capacidades no meu limite, buscando inovar e aprimorar normas e procedimentos, acompanhando de perto os constantes desafios enfrentados pelos Ciaga, Ciaba e pelas 63 Capitanias dos Portos, suas Delegacias e Ag\u00eancias. Sempre que necess\u00e1rio, ouvi as comunidades mar\u00edtima, n\u00e1utica e portu\u00e1ria, buscando o melhor para a seguran\u00e7a da navega\u00e7\u00e3o, para o com\u00e9rcio mar\u00edtimo nacional e para o pa\u00eds, tendo sempre a legalidade e a transpar\u00eancia como cl\u00e1usulas p\u00e9treas \u2013\u00a0afirmou Lima Filho em sua despedida, citando o Conapra entre os agradecimentos, pelo \u201cdi\u00e1logo franco e produtivo\u201d.<\/p>\n<\/div>\n<\/section>\n<\/div>\n","protected":false},"excerpt":{"rendered":"<p>Por: Conapra Praticagem enaltece Lima Filho e a chegada do Almirante Roberto na DPC A Praticagem do Brasil prestigiou a cerim\u00f4nia de transmiss\u00e3o de cargo da Diretoria de Portos e Costas (DPC) da Marinha do Brasil, representante da Autoridade Mar\u00edtima respons\u00e1vel por todas as normas e atividades destinadas a garantir a seguran\u00e7a do tr\u00e1fego aquavi\u00e1rio, [&hellip;]<\/p>\n","protected":false},"author":1,"featured_media":415,"comment_status":"closed","ping_status":"closed","sticky":false,"template":"","format":"standard","meta":[],"categories":[4],"tags":[5,6,8,7],"_links":{"self":[{"href":"http:\/\/www.praticagemmaceio.com.br\/index.php?rest_route=\/wp\/v2\/posts\/414"}],"collection":[{"href":"http:\/\/www.praticagemmaceio.com.br\/index.php?rest_route=\/wp\/v2\/posts"}],"about":[{"href":"http:\/\/www.praticagemmaceio.com.br\/index.php?rest_route=\/wp\/v2\/types\/post"}],"author":[{"embeddable":true,"href":"http:\/\/www.praticagemmaceio.com.br\/index.php?rest_route=\/wp\/v2\/users\/1"}],"replies":[{"embeddable":true,"href":"http:\/\/www.praticagemmaceio.com.br\/index.php?rest_route=%2Fwp%2Fv2%2Fcomments&post=414"}],"version-history":[{"count":1,"href":"http:\/\/www.praticagemmaceio.com.br\/index.php?rest_route=\/wp\/v2\/posts\/414\/revisions"}],"predecessor-version":[{"id":416,"href":"http:\/\/www.praticagemmaceio.com.br\/index.php?rest_route=\/wp\/v2\/posts\/414\/revisions\/416"}],"wp:featuredmedia":[{"embeddable":true,"href":"http:\/\/www.praticagemmaceio.com.br\/index.php?rest_route=\/wp\/v2\/media\/415"}],"wp:attachment":[{"href":"http:\/\/www.praticagemmaceio.com.br\/index.php?rest_route=%2Fwp%2Fv2%2Fmedia&parent=414"}],"wp:term":[{"taxonomy":"category","embeddable":true,"href":"http:\/\/www.praticagemmaceio.com.br\/index.php?rest_route=%2Fwp%2Fv2%2Fcategories&post=414"},{"taxonomy":"post_tag","embeddable":true,"href":"http:\/\/www.praticagemmaceio.com.br\/index.php?rest_route=%2Fwp%2Fv2%2Ftags&post=414"}],"curies":[{"name":"wp","href":"https:\/\/api.w.org\/{rel}","templated":true}]}}