{"id":441,"date":"2019-10-20T08:00:13","date_gmt":"2019-10-20T11:00:13","guid":{"rendered":"http:\/\/www.praticagemmaceio.com.br\/?p=441"},"modified":"2022-12-28T11:31:59","modified_gmt":"2022-12-28T14:31:59","slug":"o-43o-encontro-nacional-de-praticagem-sera-realizado-em-maceio-al","status":"publish","type":"post","link":"http:\/\/www.praticagemmaceio.com.br\/?p=441","title":{"rendered":"O 43\u00ba Encontro Nacional de Praticagem ser\u00e1 realizado em Macei\u00f3 (AL)"},"content":{"rendered":"\n<figure class=\"wp-block-image\"><img decoding=\"async\" loading=\"lazy\" width=\"539\" height=\"480\" src=\"http:\/\/www.praticagemmaceio.com.br\/wp-content\/uploads\/2019\/10\/encontro.png\" alt=\"\" class=\"wp-image-442\" srcset=\"http:\/\/www.praticagemmaceio.com.br\/wp-content\/uploads\/2019\/10\/encontro.png 539w, http:\/\/www.praticagemmaceio.com.br\/wp-content\/uploads\/2019\/10\/encontro-300x267.png 300w\" sizes=\"(max-width: 539px) 100vw, 539px\" \/><\/figure>\n\n\n\n<p>O  Conapra promove o 43\u00ba Encontro Nacional de Praticagem  que \u00e9 uma  oportunidade para Pr\u00e1ticos de todo o Brasil discutirem e trocarem  experi\u00eancias, inclusive com players relevantes para o desempenho da  atividade. E esse ano o Encontro Nacional ser\u00e1 realizado em Macei\u00f3 (AL), de 30 de outubro a 1\u00ba de novembro.<\/p>\n","protected":false},"excerpt":{"rendered":"<p>O Conapra promove o 43\u00ba Encontro Nacional de Praticagem que \u00e9 uma oportunidade para Pr\u00e1ticos de todo o Brasil discutirem e trocarem experi\u00eancias, inclusive com players relevantes para o desempenho da atividade. E esse ano o Encontro Nacional ser\u00e1 realizado em Macei\u00f3 (AL), de 30 de outubro a 1\u00ba de novembro.<\/p>\n","protected":false},"author":1,"featured_media":442,"comment_status":"closed","ping_status":"closed","sticky":false,"template":"","format":"standard","meta":[],"categories":[1],"tags":[],"_links":{"self":[{"href":"http:\/\/www.praticagemmaceio.com.br\/index.php?rest_route=\/wp\/v2\/posts\/441"}],"collection":[{"href":"http:\/\/www.praticagemmaceio.com.br\/index.php?rest_route=\/wp\/v2\/posts"}],"about":[{"href":"http:\/\/www.praticagemmaceio.com.br\/index.php?rest_route=\/wp\/v2\/types\/post"}],"author":[{"embeddable":true,"href":"http:\/\/www.praticagemmaceio.com.br\/index.php?rest_route=\/wp\/v2\/users\/1"}],"replies":[{"embeddable":true,"href":"http:\/\/www.praticagemmaceio.com.br\/index.php?rest_route=%2Fwp%2Fv2%2Fcomments&post=441"}],"version-history":[{"count":1,"href":"http:\/\/www.praticagemmaceio.com.br\/index.php?rest_route=\/wp\/v2\/posts\/441\/revisions"}],"predecessor-version":[{"id":443,"href":"http:\/\/www.praticagemmaceio.com.br\/index.php?rest_route=\/wp\/v2\/posts\/441\/revisions\/443"}],"wp:featuredmedia":[{"embeddable":true,"href":"http:\/\/www.praticagemmaceio.com.br\/index.php?rest_route=\/wp\/v2\/media\/442"}],"wp:attachment":[{"href":"http:\/\/www.praticagemmaceio.com.br\/index.php?rest_route=%2Fwp%2Fv2%2Fmedia&parent=441"}],"wp:term":[{"taxonomy":"category","embeddable":true,"href":"http:\/\/www.praticagemmaceio.com.br\/index.php?rest_route=%2Fwp%2Fv2%2Fcategories&post=441"},{"taxonomy":"post_tag","embeddable":true,"href":"http:\/\/www.praticagemmaceio.com.br\/index.php?rest_route=%2Fwp%2Fv2%2Ftags&post=441"}],"curies":[{"name":"wp","href":"https:\/\/api.w.org\/{rel}","templated":true}]}}