{"id":522,"date":"2022-12-28T10:28:53","date_gmt":"2022-12-28T13:28:53","guid":{"rendered":"http:\/\/www.praticagemmaceio.com.br\/?p=522"},"modified":"2022-12-28T15:30:39","modified_gmt":"2022-12-28T18:30:39","slug":"com-339-metros-o-navio-de-cruzeiro-msc-seashore-atraca-pela-primeira-vez-em-maceio","status":"publish","type":"post","link":"http:\/\/www.praticagemmaceio.com.br\/?p=522","title":{"rendered":"Com 339 metros, o navio de cruzeiro MSC Seashore atraca pela primeira vez em Macei\u00f3"},"content":{"rendered":"<div class=\"wp-block-image\">\n<figure class=\"aligncenter size-full\"><a href=\"http:\/\/www.praticagemmaceio.com.br\/wp-content\/uploads\/2022\/12\/WhatsApp-Image-2022-12-28-at-15.25.20.jpeg\"><img decoding=\"async\" loading=\"lazy\" width=\"1024\" height=\"683\" src=\"http:\/\/www.praticagemmaceio.com.br\/wp-content\/uploads\/2022\/12\/WhatsApp-Image-2022-12-28-at-15.25.20.jpeg\" alt=\"\" class=\"wp-image-537\" srcset=\"http:\/\/www.praticagemmaceio.com.br\/wp-content\/uploads\/2022\/12\/WhatsApp-Image-2022-12-28-at-15.25.20.jpeg 1024w, http:\/\/www.praticagemmaceio.com.br\/wp-content\/uploads\/2022\/12\/WhatsApp-Image-2022-12-28-at-15.25.20-300x200.jpeg 300w, http:\/\/www.praticagemmaceio.com.br\/wp-content\/uploads\/2022\/12\/WhatsApp-Image-2022-12-28-at-15.25.20-768x512.jpeg 768w, http:\/\/www.praticagemmaceio.com.br\/wp-content\/uploads\/2022\/12\/WhatsApp-Image-2022-12-28-at-15.25.20-140x94.jpeg 140w\" sizes=\"(max-width: 1024px) 100vw, 1024px\" \/><\/a><figcaption class=\"wp-element-caption\">Foto: Matheus Macena<\/figcaption><\/figure><\/div>\n\n\n<p>Medindo 339 metros e trazendo mais de 5.500 passageiros, o MSC SEASHORE \u00e9 o maior navio de cruzeiro j\u00e1 aportado em Macei\u00f3. Coube a Alagipe Pilot dar in\u00edcio a temporada desta classe de navios, realizando a manobra de atraca\u00e7\u00e3o na \u00faltima segunda-feira, dia 26\/12 \u00e0s 07h30h.<\/p>\n\n\n\n<div style=\"height:25px\" aria-hidden=\"true\" class=\"wp-block-spacer\"><\/div>\n\n\n<div class=\"wp-block-image\">\n<figure class=\"aligncenter size-full\"><a href=\"http:\/\/www.praticagemmaceio.com.br\/wp-content\/uploads\/2022\/12\/WhatsApp-Image-2022-12-28-at-10.19.21-copia-1.jpeg\"><img decoding=\"async\" loading=\"lazy\" width=\"469\" height=\"553\" src=\"http:\/\/www.praticagemmaceio.com.br\/wp-content\/uploads\/2022\/12\/WhatsApp-Image-2022-12-28-at-10.19.21-copia-1.jpeg\" alt=\"\" class=\"wp-image-526\" srcset=\"http:\/\/www.praticagemmaceio.com.br\/wp-content\/uploads\/2022\/12\/WhatsApp-Image-2022-12-28-at-10.19.21-copia-1.jpeg 469w, http:\/\/www.praticagemmaceio.com.br\/wp-content\/uploads\/2022\/12\/WhatsApp-Image-2022-12-28-at-10.19.21-copia-1-254x300.jpeg 254w\" sizes=\"(max-width: 469px) 100vw, 469px\" \/><\/a><\/figure><\/div>\n\n\n<div style=\"height:25px\" aria-hidden=\"true\" class=\"wp-block-spacer\"><\/div>\n\n\n\n<p>Na ocasi\u00e3o, o pr\u00e1tico Hansen participou da cerim\u00f4nia de troca de placas representando a Praticagem (ZP-10) com a presen\u00e7a do Capit\u00e3o dos Portos de Alagoas Luciano Teixeira, o agente do navio Luciano Britto Filho, a senhora M\u00e1rcia Leite, diretora de opera\u00e7\u00f5es da MSC Cruzeiros al\u00e9m de outras autoridades, na qual recebeu das m\u00e3os do comandante Giuseppe Galano uma maquete do navio como lembran\u00e7a desse momento marcante.<\/p>\n\n\n\n<div style=\"height:25px\" aria-hidden=\"true\" class=\"wp-block-spacer\"><\/div>\n\n\n\n<figure class=\"wp-block-image size-full\"><a href=\"http:\/\/www.praticagemmaceio.com.br\/wp-content\/uploads\/2022\/12\/WhatsApp-Image-2022-12-28-at-11.33.02.jpeg\"><img decoding=\"async\" loading=\"lazy\" width=\"1024\" height=\"768\" src=\"http:\/\/www.praticagemmaceio.com.br\/wp-content\/uploads\/2022\/12\/WhatsApp-Image-2022-12-28-at-11.33.02.jpeg\" alt=\"\" class=\"wp-image-533\" srcset=\"http:\/\/www.praticagemmaceio.com.br\/wp-content\/uploads\/2022\/12\/WhatsApp-Image-2022-12-28-at-11.33.02.jpeg 1024w, http:\/\/www.praticagemmaceio.com.br\/wp-content\/uploads\/2022\/12\/WhatsApp-Image-2022-12-28-at-11.33.02-300x225.jpeg 300w, http:\/\/www.praticagemmaceio.com.br\/wp-content\/uploads\/2022\/12\/WhatsApp-Image-2022-12-28-at-11.33.02-768x576.jpeg 768w\" sizes=\"(max-width: 1024px) 100vw, 1024px\" \/><\/a><\/figure>\n","protected":false},"excerpt":{"rendered":"<p>Medindo 339 metros e trazendo mais de 5.500 passageiros, o MSC SEASHORE \u00e9 o maior navio de cruzeiro j\u00e1 aportado em Macei\u00f3. Coube a Alagipe Pilot dar in\u00edcio a temporada desta classe de navios, realizando a manobra de atraca\u00e7\u00e3o na \u00faltima segunda-feira, dia 26\/12 \u00e0s 07h30h. Na ocasi\u00e3o, o pr\u00e1tico Hansen participou da cerim\u00f4nia de [&hellip;]<\/p>\n","protected":false},"author":5,"featured_media":524,"comment_status":"closed","ping_status":"closed","sticky":false,"template":"","format":"standard","meta":[],"categories":[4],"tags":[],"_links":{"self":[{"href":"http:\/\/www.praticagemmaceio.com.br\/index.php?rest_route=\/wp\/v2\/posts\/522"}],"collection":[{"href":"http:\/\/www.praticagemmaceio.com.br\/index.php?rest_route=\/wp\/v2\/posts"}],"about":[{"href":"http:\/\/www.praticagemmaceio.com.br\/index.php?rest_route=\/wp\/v2\/types\/post"}],"author":[{"embeddable":true,"href":"http:\/\/www.praticagemmaceio.com.br\/index.php?rest_route=\/wp\/v2\/users\/5"}],"replies":[{"embeddable":true,"href":"http:\/\/www.praticagemmaceio.com.br\/index.php?rest_route=%2Fwp%2Fv2%2Fcomments&post=522"}],"version-history":[{"count":6,"href":"http:\/\/www.praticagemmaceio.com.br\/index.php?rest_route=\/wp\/v2\/posts\/522\/revisions"}],"predecessor-version":[{"id":542,"href":"http:\/\/www.praticagemmaceio.com.br\/index.php?rest_route=\/wp\/v2\/posts\/522\/revisions\/542"}],"wp:featuredmedia":[{"embeddable":true,"href":"http:\/\/www.praticagemmaceio.com.br\/index.php?rest_route=\/wp\/v2\/media\/524"}],"wp:attachment":[{"href":"http:\/\/www.praticagemmaceio.com.br\/index.php?rest_route=%2Fwp%2Fv2%2Fmedia&parent=522"}],"wp:term":[{"taxonomy":"category","embeddable":true,"href":"http:\/\/www.praticagemmaceio.com.br\/index.php?rest_route=%2Fwp%2Fv2%2Fcategories&post=522"},{"taxonomy":"post_tag","embeddable":true,"href":"http:\/\/www.praticagemmaceio.com.br\/index.php?rest_route=%2Fwp%2Fv2%2Ftags&post=522"}],"curies":[{"name":"wp","href":"https:\/\/api.w.org\/{rel}","templated":true}]}}